{"id":243684,"date":"2022-08-23T17:04:37","date_gmt":"2022-08-23T15:04:37","guid":{"rendered":"https:\/\/invoier.com\/?p=243684"},"modified":"2022-08-23T17:12:03","modified_gmt":"2022-08-23T15:12:03","slug":"sena-betalningar-vanligare-fran-storforetag-i-augusti","status":"publish","type":"post","link":"https:\/\/invoier.com\/en\/sena-betalningar-vanligare-fran-storforetag-i-augusti\/","title":{"rendered":"Late payments more common by larger companies in August"},"content":{"rendered":"\n\n[et_pb_section fb_built=&#8221;1&#8243; _builder_version=&#8221;4.6.1&#8243; _module_preset=&#8221;default&#8221; custom_padding=&#8221;||0px|||&#8221; global_colors_info=&#8221;{}&#8221;][et_pb_row _builder_version=&#8221;4.6.1&#8243; _module_preset=&#8221;default&#8221; max_width=&#8221;1080px&#8221; global_colors_info=&#8221;{}&#8221;][et_pb_column type=&#8221;4_4&#8243; _builder_version=&#8221;4.6.1&#8243; _module_preset=&#8221;default&#8221; global_colors_info=&#8221;{}&#8221;][et_pb_image src=&#8221;https:\/\/invoier.com\/wp-content\/uploads\/Betaltidsindex_late-payments_photo-Ruthson-Zimmerman.jpg&#8221; alt=&#8221;Betaltidsindex av Invoier&#8221; title_text=&#8221;Betaltidsindex_foto Ruthson Zimmerman&#8221; align=&#8221;center&#8221; _builder_version=&#8221;4.14.7&#8243; _module_preset=&#8221;default&#8221; global_colors_info=&#8221;{}&#8221;][\/et_pb_image][et_pb_text _builder_version=&#8221;4.14.7&#8243; _module_preset=&#8221;default&#8221; custom_padding=&#8221;25px||||false|false&#8221; global_colors_info=&#8221;{}&#8221;]<strong><em>Betaltidsindex hj\u00e4lper dig som f\u00f6retagare till ett b\u00e4ttre f\u00f6rhandlingsl\u00e4ge genom att veta vilket typ av bolag som betalar i tid och vilka som \u00e4r f\u00f6rsenade<\/em><\/strong>[\/et_pb_text][\/et_pb_column][\/et_pb_row][et_pb_row _builder_version=&#8221;4.6.1&#8243; _module_preset=&#8221;default&#8221; max_width=&#8221;1080px&#8221; global_colors_info=&#8221;{}&#8221;][et_pb_column type=&#8221;4_4&#8243; _builder_version=&#8221;4.6.1&#8243; _module_preset=&#8221;default&#8221; global_colors_info=&#8221;{}&#8221;][et_pb_text _builder_version=&#8221;4.14.7&#8243; _module_preset=&#8221;default&#8221; global_colors_info=&#8221;{}&#8221;]<h3>Invoiers Betaltidsindex kartl\u00e4gger betalningsf\u00f6rm\u00e5gan hos svenska f\u00f6retag<\/h3>\nFintechbolaget Invoiers Betaltidsindex\u2122 visar att augusti \u00e4r den m\u00e5nad n\u00e4r st\u00f6rre f\u00f6retag i \u00e4nnu h\u00f6gre utstr\u00e4ckning \u00e4r sena med sina betalningar. I genomsnitt betalas varje faktura fr\u00e5n storf\u00f6retag i Sverige under augusti m\u00e5nad 3,5 dagar sent, n\u00e5got som kan f\u00e5 stora negativa effekter f\u00f6r sm\u00e5- och medelstora f\u00f6retag med storf\u00f6retag som kunder. Trenden \u00e5terkommer \u00e5rligen sedan 2016, n\u00e4r indexet b\u00f6rjar m\u00e4ta.[\/et_pb_text][\/et_pb_column][\/et_pb_row][et_pb_row _builder_version=&#8221;4.6.1&#8243; _module_preset=&#8221;default&#8221; max_width=&#8221;1080px&#8221; global_colors_info=&#8221;{}&#8221;][et_pb_column type=&#8221;4_4&#8243; _builder_version=&#8221;4.6.1&#8243; _module_preset=&#8221;default&#8221; global_colors_info=&#8221;{}&#8221;][et_pb_text _builder_version=&#8221;4.14.7&#8243; _module_preset=&#8221;default&#8221; global_colors_info=&#8221;{}&#8221;]<h3>Storf\u00f6retag betalar senast<\/h3>\n<p>St\u00f6rre f\u00f6retag, med \u00f6ver 250 anst\u00e4llda, \u00e4r konstant sena med sina betalningar under \u00e5rets alla m\u00e5nader. Men i augusti varje \u00e5r \u00f6kar f\u00f6rseningen ytterligare, relativt med 143% mot det \u00e5rliga genomsnittet, visar Betaltidsindex. Indexet kartl\u00e4gger l\u00f6pande svenska f\u00f6retags betalningsf\u00f6rm\u00e5ga, avtalad respektive faktisk. Det baseras p\u00e5 mer \u00e4n 45 000 f\u00f6retag och \u00f6ver 1,5 miljoner fakturor mellan svenska f\u00f6retag.<\/p>\n<p>Det har l\u00e4nge varit ett k\u00e4nt problem att st\u00f6rre f\u00f6retag i praktiken anv\u00e4nder mindre f\u00f6retag som finansi\u00e4rer genom mycket l\u00e5nga betalningsvillkor och f\u00f6rsenade betalningar. F\u00f6r de mindre bolagen skapar detta inte s\u00e4llan allvarliga likviditetsproblem som kan hindra b\u00e5de tillv\u00e4xt och nya arbetstillf\u00e4llen.<\/p>[\/et_pb_text][\/et_pb_column][\/et_pb_row][et_pb_row _builder_version=&#8221;4.6.1&#8243; _module_preset=&#8221;default&#8221; max_width=&#8221;1080px&#8221; global_colors_info=&#8221;{}&#8221;][et_pb_column type=&#8221;4_4&#8243; _builder_version=&#8221;4.6.1&#8243; _module_preset=&#8221;default&#8221; global_colors_info=&#8221;{}&#8221;][et_pb_text _builder_version=&#8221;4.14.7&#8243; _module_preset=&#8221;default&#8221; global_colors_info=&#8221;{}&#8221;]<h3>Sena betalningar per m\u00e5nad<\/h3>\nDenna oj\u00e4mna konkurrenssituation l\u00e5g till grund f\u00f6r en ny lagstiftning, vilken inf\u00f6rdes 1 mars 2022. Den nya lagen st\u00e4ller krav p\u00e5 rapportering av betaltider, b\u00e5de avtalade och faktiska, fr\u00e5n f\u00f6retag med minst 250 anst\u00e4llda. All inrapporterad data ska sedan g\u00f6ras tillg\u00e4nglig f\u00f6r allm\u00e4nheten genom en publik databas.\n<ul><\/ul>[\/et_pb_text][et_pb_image src=&#8221;https:\/\/invoier.com\/wp-content\/uploads\/PM7_Fo\u0308rsenade-betaldagar-hos-storfo\u0308retag.png&#8221; alt=&#8221;Storf\u00f6retag senare med betalningar i augusti&#8221; title_text=&#8221;Fo\u0308rsenade betaldagar hos storfo\u0308retag&#8221; _builder_version=&#8221;4.14.7&#8243; _module_preset=&#8221;default&#8221; global_colors_info=&#8221;{}&#8221;][\/et_pb_image][\/et_pb_column][\/et_pb_row][et_pb_row _builder_version=&#8221;4.6.1&#8243; _module_preset=&#8221;default&#8221; max_width=&#8221;1080px&#8221; global_colors_info=&#8221;{}&#8221;][et_pb_column type=&#8221;4_4&#8243; _builder_version=&#8221;4.6.1&#8243; _module_preset=&#8221;default&#8221; global_colors_info=&#8221;{}&#8221;][et_pb_text _builder_version=&#8221;4.14.7&#8243; _module_preset=&#8221;default&#8221; global_colors_info=&#8221;{}&#8221;]<h3>Om Betaltidsindex\u2122<\/h3>\n<p>Betaltidsindex \u00e4r framtaget av Invoier. Det uppdateras kontinuerligt och finns att tillg\u00e5 i sin helhet via <a href=\"https:\/\/invoier.com\/betaltidsindex\/\"><strong>Betaltidsindex<\/strong><\/a> .<\/p>[\/et_pb_text][\/et_pb_column][\/et_pb_row][et_pb_row _builder_version=&#8221;4.6.1&#8243; _module_preset=&#8221;default&#8221; max_width=&#8221;1080px&#8221; locked=&#8221;off&#8221; global_colors_info=&#8221;{}&#8221;][et_pb_column type=&#8221;4_4&#8243; _builder_version=&#8221;4.6.1&#8243; _module_preset=&#8221;default&#8221; global_colors_info=&#8221;{}&#8221;][et_pb_divider color=&#8221;#e5e5e5&#8243; divider_position=&#8221;center&#8221; _builder_version=&#8221;4.12.1&#8243; _module_preset=&#8221;default&#8221; global_colors_info=&#8221;{}&#8221;][\/et_pb_divider][et_pb_text _builder_version=&#8221;4.14.7&#8243; _module_preset=&#8221;default&#8221; global_colors_info=&#8221;{}&#8221;]<p style=\"text-align: center;\">Vill du finansiera ditt f\u00f6retags tillv\u00e4xt utan att ta l\u00e5n? Se Invoiers <strong> <a href=\"https:\/\/invoier.com\/services\/\">olika finansieringsl\u00f6sningar<\/a> <\/strong> eller boka kostnadsfri finansiell f\u00f6retagsr\u00e5dgivning nedan.<\/p>[\/et_pb_text][et_pb_cta title=&#8221;Vi hj\u00e4lper dig g\u00e4rna att hitta den l\u00f6sning som passar dig b\u00e4st. &#8221; button_url=&#8221;@ET-DC@eyJkeW5hbWljIjp0cnVlLCJjb250ZW50IjoicG9zdF9saW5rX3VybF9wYWdlIiwic2V0dGluZ3MiOnsicG9zdF9pZCI6IjIzODg2OSJ9fQ==@&#8221; url_new_window=&#8221;on&#8221; button_text=&#8221;Boka kostnadsfri r\u00e5dgivning&#8221; module_class=&#8221;inv-custom-c2a&#8221; _builder_version=&#8221;4.12.1&#8243; _dynamic_attributes=&#8221;link_option_url,button_url&#8221; _module_preset=&#8221;default&#8221; header_level=&#8221;h4&#8243; link_option_url=&#8221;@ET-DC@eyJkeW5hbWljIjp0cnVlLCJjb250ZW50IjoicG9zdF9saW5rX3VybF9wYWdlIiwic2V0dGluZ3MiOnsicG9zdF9pZCI6IjIzODg2OSJ9fQ==@&#8221; global_colors_info=&#8221;{}&#8221;][\/et_pb_cta][\/et_pb_column][\/et_pb_row][\/et_pb_section]\n\n","protected":false},"excerpt":{"rendered":"<p>Betaltidsindex hj\u00e4lper dig som f\u00f6retagare till ett b\u00e4ttre f\u00f6rhandlingsl\u00e4ge genom att veta vilket typ av bolag som betalar i tid och vilka som \u00e4r f\u00f6rsenadeInvoiers Betaltidsindex kartl\u00e4gger betalningsf\u00f6rm\u00e5gan hos svenska f\u00f6retag Fintechbolaget Invoiers Betaltidsindex\u2122 visar att augusti \u00e4r den m\u00e5nad n\u00e4r st\u00f6rre f\u00f6retag i \u00e4nnu h\u00f6gre utstr\u00e4ckning \u00e4r sena med sina betalningar. I genomsnitt betalas [&hellip;]<\/p>\n","protected":false},"author":7,"featured_media":243676,"comment_status":"open","ping_status":"open","sticky":false,"template":"","format":"standard","meta":{"_et_pb_use_builder":"on","_et_pb_old_content":"","_et_gb_content_width":"2880","footnotes":""},"categories":[59],"tags":[],"class_list":["post-243684","post","type-post","status-publish","format-standard","has-post-thumbnail","hentry","category-foretagarguiden"],"yoast_head":"<!-- This site is optimized with the Yoast SEO plugin v27.3 - https:\/\/yoast.com\/product\/yoast-seo-wordpress\/ -->\n<title>Sena betalningar vanligare fr\u00e5n storf\u00f6retag i augusti<\/title>\n<meta name=\"description\" content=\"S\u00e5 h\u00e4r sena \u00e4r storf\u00f6retag med sina betalningar. Betaltidsindex kartl\u00e4gger genomsnittet f\u00f6r sena betalningar per m\u00e5nad.\" \/>\n<meta name=\"robots\" content=\"noindex, follow\" \/>\n<meta property=\"og:locale\" content=\"en_GB\" \/>\n<meta property=\"og:type\" content=\"article\" \/>\n<meta property=\"og:title\" content=\"Sena betalningar vanligare fr\u00e5n storf\u00f6retag i augusti\" \/>\n<meta property=\"og:description\" content=\"S\u00e5 h\u00e4r sena \u00e4r storf\u00f6retag med sina betalningar. Betaltidsindex kartl\u00e4gger genomsnittet f\u00f6r sena betalningar per m\u00e5nad.\" \/>\n<meta property=\"og:url\" content=\"https:\/\/invoier.com\/en\/sena-betalningar-vanligare-fran-storforetag-i-augusti\/\" \/>\n<meta property=\"og:site_name\" content=\"INVOIER - Fakturafinansiering\" \/>\n<meta property=\"article:published_time\" content=\"2022-08-23T15:04:37+00:00\" \/>\n<meta property=\"article:modified_time\" content=\"2022-08-23T15:12:03+00:00\" \/>\n<meta property=\"og:image\" content=\"https:\/\/invoier.com\/wp-content\/uploads\/Betaltidsindex_late-payments_photo-Ruthson-Zimmerman.jpg\" \/>\n\t<meta property=\"og:image:width\" content=\"1920\" \/>\n\t<meta property=\"og:image:height\" content=\"1280\" \/>\n\t<meta property=\"og:image:type\" content=\"image\/jpeg\" \/>\n<meta name=\"author\" content=\"Fredrik Mistander\" \/>\n<meta name=\"twitter:card\" content=\"summary_large_image\" \/>\n<meta name=\"twitter:label1\" content=\"Written by\" \/>\n\t<meta name=\"twitter:data1\" content=\"Fredrik Mistander\" \/>\n\t<meta name=\"twitter:label2\" content=\"Estimated reading time\" \/>\n\t<meta name=\"twitter:data2\" content=\"2 minutes\" \/>\n<script type=\"application\/ld+json\" class=\"yoast-schema-graph\">{\"@context\":\"https:\\\/\\\/schema.org\",\"@graph\":[{\"@type\":[\"Article\",\"BlogPosting\"],\"@id\":\"https:\\\/\\\/invoier.com\\\/en\\\/sena-betalningar-vanligare-fran-storforetag-i-augusti\\\/#article\",\"isPartOf\":{\"@id\":\"https:\\\/\\\/invoier.com\\\/en\\\/sena-betalningar-vanligare-fran-storforetag-i-augusti\\\/\"},\"author\":{\"name\":\"Fredrik Mistander\",\"@id\":\"https:\\\/\\\/invoier.com\\\/en\\\/#\\\/schema\\\/person\\\/62f4a5a1201b9e670d992dad29d1443f\"},\"headline\":\"Sena betalningar vanligare fr\u00e5n storf\u00f6retag i augusti\",\"datePublished\":\"2022-08-23T15:04:37+00:00\",\"dateModified\":\"2022-08-23T15:12:03+00:00\",\"mainEntityOfPage\":{\"@id\":\"https:\\\/\\\/invoier.com\\\/en\\\/sena-betalningar-vanligare-fran-storforetag-i-augusti\\\/\"},\"wordCount\":857,\"commentCount\":0,\"publisher\":{\"@id\":\"https:\\\/\\\/invoier.com\\\/en\\\/#organization\"},\"image\":{\"@id\":\"https:\\\/\\\/invoier.com\\\/en\\\/sena-betalningar-vanligare-fran-storforetag-i-augusti\\\/#primaryimage\"},\"thumbnailUrl\":\"https:\\\/\\\/invoier.com\\\/wp-content\\\/uploads\\\/Betaltidsindex_late-payments_photo-Ruthson-Zimmerman.jpg\",\"articleSection\":[\"F\u00f6retagarguiden\"],\"inLanguage\":\"en-GB\",\"potentialAction\":[{\"@type\":\"CommentAction\",\"name\":\"Comment\",\"target\":[\"https:\\\/\\\/invoier.com\\\/en\\\/sena-betalningar-vanligare-fran-storforetag-i-augusti\\\/#respond\"]}]},{\"@type\":\"WebPage\",\"@id\":\"https:\\\/\\\/invoier.com\\\/en\\\/sena-betalningar-vanligare-fran-storforetag-i-augusti\\\/\",\"url\":\"https:\\\/\\\/invoier.com\\\/en\\\/sena-betalningar-vanligare-fran-storforetag-i-augusti\\\/\",\"name\":\"Sena betalningar vanligare fr\u00e5n storf\u00f6retag i augusti\",\"isPartOf\":{\"@id\":\"https:\\\/\\\/invoier.com\\\/en\\\/#website\"},\"primaryImageOfPage\":{\"@id\":\"https:\\\/\\\/invoier.com\\\/en\\\/sena-betalningar-vanligare-fran-storforetag-i-augusti\\\/#primaryimage\"},\"image\":{\"@id\":\"https:\\\/\\\/invoier.com\\\/en\\\/sena-betalningar-vanligare-fran-storforetag-i-augusti\\\/#primaryimage\"},\"thumbnailUrl\":\"https:\\\/\\\/invoier.com\\\/wp-content\\\/uploads\\\/Betaltidsindex_late-payments_photo-Ruthson-Zimmerman.jpg\",\"datePublished\":\"2022-08-23T15:04:37+00:00\",\"dateModified\":\"2022-08-23T15:12:03+00:00\",\"description\":\"S\u00e5 h\u00e4r sena \u00e4r storf\u00f6retag med sina betalningar. Betaltidsindex kartl\u00e4gger genomsnittet f\u00f6r sena betalningar per m\u00e5nad.\",\"breadcrumb\":{\"@id\":\"https:\\\/\\\/invoier.com\\\/en\\\/sena-betalningar-vanligare-fran-storforetag-i-augusti\\\/#breadcrumb\"},\"inLanguage\":\"en-GB\",\"potentialAction\":[{\"@type\":\"ReadAction\",\"target\":[\"https:\\\/\\\/invoier.com\\\/en\\\/sena-betalningar-vanligare-fran-storforetag-i-augusti\\\/\"]}]},{\"@type\":\"ImageObject\",\"inLanguage\":\"en-GB\",\"@id\":\"https:\\\/\\\/invoier.com\\\/en\\\/sena-betalningar-vanligare-fran-storforetag-i-augusti\\\/#primaryimage\",\"url\":\"https:\\\/\\\/invoier.com\\\/wp-content\\\/uploads\\\/Betaltidsindex_late-payments_photo-Ruthson-Zimmerman.jpg\",\"contentUrl\":\"https:\\\/\\\/invoier.com\\\/wp-content\\\/uploads\\\/Betaltidsindex_late-payments_photo-Ruthson-Zimmerman.jpg\",\"width\":1920,\"height\":1280,\"caption\":\"F\u00f6lj svenska f\u00f6retags betalningsf\u00f6rm\u00e5ga.\"},{\"@type\":\"BreadcrumbList\",\"@id\":\"https:\\\/\\\/invoier.com\\\/en\\\/sena-betalningar-vanligare-fran-storforetag-i-augusti\\\/#breadcrumb\",\"itemListElement\":[{\"@type\":\"ListItem\",\"position\":1,\"name\":\"Home\",\"item\":\"https:\\\/\\\/invoier.com\\\/en\\\/\"},{\"@type\":\"ListItem\",\"position\":2,\"name\":\"Sena betalningar vanligare fr\u00e5n storf\u00f6retag i augusti\"}]},{\"@type\":\"WebSite\",\"@id\":\"https:\\\/\\\/invoier.com\\\/en\\\/#website\",\"url\":\"https:\\\/\\\/invoier.com\\\/en\\\/\",\"name\":\"INVOIER - Fakturafinansiering\",\"description\":\"Fakturafinansiering p\u00e5 dina villkor\",\"publisher\":{\"@id\":\"https:\\\/\\\/invoier.com\\\/en\\\/#organization\"},\"potentialAction\":[{\"@type\":\"SearchAction\",\"target\":{\"@type\":\"EntryPoint\",\"urlTemplate\":\"https:\\\/\\\/invoier.com\\\/en\\\/?s={search_term_string}\"},\"query-input\":{\"@type\":\"PropertyValueSpecification\",\"valueRequired\":true,\"valueName\":\"search_term_string\"}}],\"inLanguage\":\"en-GB\"},{\"@type\":\"Organization\",\"@id\":\"https:\\\/\\\/invoier.com\\\/en\\\/#organization\",\"name\":\"Invoier AB\",\"url\":\"https:\\\/\\\/invoier.com\\\/en\\\/\",\"logo\":{\"@type\":\"ImageObject\",\"inLanguage\":\"en-GB\",\"@id\":\"https:\\\/\\\/invoier.com\\\/en\\\/#\\\/schema\\\/logo\\\/image\\\/\",\"url\":\"https:\\\/\\\/invoier.com\\\/stg_a4e73\\\/wp-content\\\/uploads\\\/Stacked_Logo_Black-final-3.png\",\"contentUrl\":\"https:\\\/\\\/invoier.com\\\/stg_a4e73\\\/wp-content\\\/uploads\\\/Stacked_Logo_Black-final-3.png\",\"width\":338,\"height\":332,\"caption\":\"Invoier AB\"},\"image\":{\"@id\":\"https:\\\/\\\/invoier.com\\\/en\\\/#\\\/schema\\\/logo\\\/image\\\/\"}},{\"@type\":\"Person\",\"@id\":\"https:\\\/\\\/invoier.com\\\/en\\\/#\\\/schema\\\/person\\\/62f4a5a1201b9e670d992dad29d1443f\",\"name\":\"Fredrik Mistander\",\"image\":{\"@type\":\"ImageObject\",\"inLanguage\":\"en-GB\",\"@id\":\"https:\\\/\\\/secure.gravatar.com\\\/avatar\\\/61573ff8f2deb28333ab124cad0bcb71ae7da0ca0d2e4a26a3a593bc225251e4?s=96&d=mm&r=g\",\"url\":\"https:\\\/\\\/secure.gravatar.com\\\/avatar\\\/61573ff8f2deb28333ab124cad0bcb71ae7da0ca0d2e4a26a3a593bc225251e4?s=96&d=mm&r=g\",\"contentUrl\":\"https:\\\/\\\/secure.gravatar.com\\\/avatar\\\/61573ff8f2deb28333ab124cad0bcb71ae7da0ca0d2e4a26a3a593bc225251e4?s=96&d=mm&r=g\",\"caption\":\"Fredrik Mistander\"}}]}<\/script>\n<!-- \/ Yoast SEO plugin. -->","yoast_head_json":{"title":"Late payments more common by larger companies in August","description":"S\u00e5 h\u00e4r sena \u00e4r storf\u00f6retag med sina betalningar. Betaltidsindex kartl\u00e4gger genomsnittet f\u00f6r sena betalningar per m\u00e5nad.","robots":{"index":"noindex","follow":"follow"},"og_locale":"en_GB","og_type":"article","og_title":"Sena betalningar vanligare fr\u00e5n storf\u00f6retag i augusti","og_description":"S\u00e5 h\u00e4r sena \u00e4r storf\u00f6retag med sina betalningar. Betaltidsindex kartl\u00e4gger genomsnittet f\u00f6r sena betalningar per m\u00e5nad.","og_url":"https:\/\/invoier.com\/en\/sena-betalningar-vanligare-fran-storforetag-i-augusti\/","og_site_name":"INVOIER - Fakturafinansiering","article_published_time":"2022-08-23T15:04:37+00:00","article_modified_time":"2022-08-23T15:12:03+00:00","og_image":[{"width":1920,"height":1280,"url":"https:\/\/invoier.com\/wp-content\/uploads\/Betaltidsindex_late-payments_photo-Ruthson-Zimmerman.jpg","type":"image\/jpeg"}],"author":"Fredrik Mistander","twitter_card":"summary_large_image","twitter_misc":{"Written by":"Fredrik Mistander","Estimated reading time":"2 minutes"},"schema":{"@context":"https:\/\/schema.org","@graph":[{"@type":["Article","BlogPosting"],"@id":"https:\/\/invoier.com\/en\/sena-betalningar-vanligare-fran-storforetag-i-augusti\/#article","isPartOf":{"@id":"https:\/\/invoier.com\/en\/sena-betalningar-vanligare-fran-storforetag-i-augusti\/"},"author":{"name":"Fredrik Mistander","@id":"https:\/\/invoier.com\/en\/#\/schema\/person\/62f4a5a1201b9e670d992dad29d1443f"},"headline":"Sena betalningar vanligare fr\u00e5n storf\u00f6retag i augusti","datePublished":"2022-08-23T15:04:37+00:00","dateModified":"2022-08-23T15:12:03+00:00","mainEntityOfPage":{"@id":"https:\/\/invoier.com\/en\/sena-betalningar-vanligare-fran-storforetag-i-augusti\/"},"wordCount":857,"commentCount":0,"publisher":{"@id":"https:\/\/invoier.com\/en\/#organization"},"image":{"@id":"https:\/\/invoier.com\/en\/sena-betalningar-vanligare-fran-storforetag-i-augusti\/#primaryimage"},"thumbnailUrl":"https:\/\/invoier.com\/wp-content\/uploads\/Betaltidsindex_late-payments_photo-Ruthson-Zimmerman.jpg","articleSection":["F\u00f6retagarguiden"],"inLanguage":"en-GB","potentialAction":[{"@type":"CommentAction","name":"Comment","target":["https:\/\/invoier.com\/en\/sena-betalningar-vanligare-fran-storforetag-i-augusti\/#respond"]}]},{"@type":"WebPage","@id":"https:\/\/invoier.com\/en\/sena-betalningar-vanligare-fran-storforetag-i-augusti\/","url":"https:\/\/invoier.com\/en\/sena-betalningar-vanligare-fran-storforetag-i-augusti\/","name":"Late payments more common by larger companies in August","isPartOf":{"@id":"https:\/\/invoier.com\/en\/#website"},"primaryImageOfPage":{"@id":"https:\/\/invoier.com\/en\/sena-betalningar-vanligare-fran-storforetag-i-augusti\/#primaryimage"},"image":{"@id":"https:\/\/invoier.com\/en\/sena-betalningar-vanligare-fran-storforetag-i-augusti\/#primaryimage"},"thumbnailUrl":"https:\/\/invoier.com\/wp-content\/uploads\/Betaltidsindex_late-payments_photo-Ruthson-Zimmerman.jpg","datePublished":"2022-08-23T15:04:37+00:00","dateModified":"2022-08-23T15:12:03+00:00","description":"S\u00e5 h\u00e4r sena \u00e4r storf\u00f6retag med sina betalningar. Betaltidsindex kartl\u00e4gger genomsnittet f\u00f6r sena betalningar per m\u00e5nad.","breadcrumb":{"@id":"https:\/\/invoier.com\/en\/sena-betalningar-vanligare-fran-storforetag-i-augusti\/#breadcrumb"},"inLanguage":"en-GB","potentialAction":[{"@type":"ReadAction","target":["https:\/\/invoier.com\/en\/sena-betalningar-vanligare-fran-storforetag-i-augusti\/"]}]},{"@type":"ImageObject","inLanguage":"en-GB","@id":"https:\/\/invoier.com\/en\/sena-betalningar-vanligare-fran-storforetag-i-augusti\/#primaryimage","url":"https:\/\/invoier.com\/wp-content\/uploads\/Betaltidsindex_late-payments_photo-Ruthson-Zimmerman.jpg","contentUrl":"https:\/\/invoier.com\/wp-content\/uploads\/Betaltidsindex_late-payments_photo-Ruthson-Zimmerman.jpg","width":1920,"height":1280,"caption":"F\u00f6lj svenska f\u00f6retags betalningsf\u00f6rm\u00e5ga."},{"@type":"BreadcrumbList","@id":"https:\/\/invoier.com\/en\/sena-betalningar-vanligare-fran-storforetag-i-augusti\/#breadcrumb","itemListElement":[{"@type":"ListItem","position":1,"name":"Home","item":"https:\/\/invoier.com\/en\/"},{"@type":"ListItem","position":2,"name":"Sena betalningar vanligare fr\u00e5n storf\u00f6retag i augusti"}]},{"@type":"WebSite","@id":"https:\/\/invoier.com\/en\/#website","url":"https:\/\/invoier.com\/en\/","name":"INVOIER - Fakturafinansiering","description":"Fakturafinansiering p\u00e5 dina villkor","publisher":{"@id":"https:\/\/invoier.com\/en\/#organization"},"potentialAction":[{"@type":"SearchAction","target":{"@type":"EntryPoint","urlTemplate":"https:\/\/invoier.com\/en\/?s={search_term_string}"},"query-input":{"@type":"PropertyValueSpecification","valueRequired":true,"valueName":"search_term_string"}}],"inLanguage":"en-GB"},{"@type":"Organization","@id":"https:\/\/invoier.com\/en\/#organization","name":"Invoier AB","url":"https:\/\/invoier.com\/en\/","logo":{"@type":"ImageObject","inLanguage":"en-GB","@id":"https:\/\/invoier.com\/en\/#\/schema\/logo\/image\/","url":"https:\/\/invoier.com\/stg_a4e73\/wp-content\/uploads\/Stacked_Logo_Black-final-3.png","contentUrl":"https:\/\/invoier.com\/stg_a4e73\/wp-content\/uploads\/Stacked_Logo_Black-final-3.png","width":338,"height":332,"caption":"Invoier AB"},"image":{"@id":"https:\/\/invoier.com\/en\/#\/schema\/logo\/image\/"}},{"@type":"Person","@id":"https:\/\/invoier.com\/en\/#\/schema\/person\/62f4a5a1201b9e670d992dad29d1443f","name":"Fredrik Mistander","image":{"@type":"ImageObject","inLanguage":"en-GB","@id":"https:\/\/secure.gravatar.com\/avatar\/61573ff8f2deb28333ab124cad0bcb71ae7da0ca0d2e4a26a3a593bc225251e4?s=96&d=mm&r=g","url":"https:\/\/secure.gravatar.com\/avatar\/61573ff8f2deb28333ab124cad0bcb71ae7da0ca0d2e4a26a3a593bc225251e4?s=96&d=mm&r=g","contentUrl":"https:\/\/secure.gravatar.com\/avatar\/61573ff8f2deb28333ab124cad0bcb71ae7da0ca0d2e4a26a3a593bc225251e4?s=96&d=mm&r=g","caption":"Fredrik Mistander"}}]}},"_links":{"self":[{"href":"https:\/\/invoier.com\/en\/wp-json\/wp\/v2\/posts\/243684","targetHints":{"allow":["GET"]}}],"collection":[{"href":"https:\/\/invoier.com\/en\/wp-json\/wp\/v2\/posts"}],"about":[{"href":"https:\/\/invoier.com\/en\/wp-json\/wp\/v2\/types\/post"}],"author":[{"embeddable":true,"href":"https:\/\/invoier.com\/en\/wp-json\/wp\/v2\/users\/7"}],"replies":[{"embeddable":true,"href":"https:\/\/invoier.com\/en\/wp-json\/wp\/v2\/comments?post=243684"}],"version-history":[{"count":14,"href":"https:\/\/invoier.com\/en\/wp-json\/wp\/v2\/posts\/243684\/revisions"}],"predecessor-version":[{"id":243704,"href":"https:\/\/invoier.com\/en\/wp-json\/wp\/v2\/posts\/243684\/revisions\/243704"}],"wp:featuredmedia":[{"embeddable":true,"href":"https:\/\/invoier.com\/en\/wp-json\/wp\/v2\/media\/243676"}],"wp:attachment":[{"href":"https:\/\/invoier.com\/en\/wp-json\/wp\/v2\/media?parent=243684"}],"wp:term":[{"taxonomy":"category","embeddable":true,"href":"https:\/\/invoier.com\/en\/wp-json\/wp\/v2\/categories?post=243684"},{"taxonomy":"post_tag","embeddable":true,"href":"https:\/\/invoier.com\/en\/wp-json\/wp\/v2\/tags?post=243684"}],"curies":[{"name":"wp","href":"https:\/\/api.w.org\/{rel}","templated":true}]}}